{"id":12304,"date":"2026-08-31T11:28:21","date_gmt":"2026-08-31T09:28:21","guid":{"rendered":"https:\/\/gvision.be\/?p=12304"},"modified":"2026-08-31T11:28:36","modified_gmt":"2026-08-31T09:28:36","slug":"agenda-partage-microsoft-365-belgique","status":"publish","type":"post","link":"https:\/\/gvision.be\/en\/agenda-partage-microsoft-365-belgique\/","title":{"rendered":"Agenda partag\u00e9 Microsoft 365 : quelle solution choisir en Belgique ?"},"content":{"rendered":"<style>.gv-blog-article{--gv-navy:#07192d;--gv-blue:#0d6efd;--gv-cyan:#15c7dc;--gv-coral:#ff765f;--gv-ink:#17263a;--gv-muted:#5a6a7d;--gv-line:#dce6ef;--gv-soft:#f3f8fc;--gv-white:#ffffff;--gv-shadow:0 18px 48px rgba(7,25,45,0.12);max-width:960px;margin-inline:auto;color:var(--gv-ink);font-family:Inter,system-ui,-apple-system,BlinkMacSystemFont,\"Segoe UI\",sans-serif;font-size:clamp(1rem,0.97rem + 0.12vw,1.08rem);line-height:1.72;overflow-wrap:anywhere}.gv-blog-article *,.gv-blog-article *::before,.gv-blog-article *::after{box-sizing:border-box}.gv-blog-article:where(h1,h2,h3){color:var(--gv-navy);line-height:1.16;letter-spacing:-0.025em;text-wrap:balance}.gv-blog-article h1{max-width:18ch;margin:0.2em 0 0.38em;font-size:clamp(2.25rem,5.6vw,4.6rem)}.gv-blog-article h2{margin:2.15em 0 0.65em;font-size:clamp(1.65rem,3.2vw,2.45rem)}.gv-blog-article h3{margin:1.65em 0 0.45em;font-size:clamp(1.18rem,2vw,1.4rem)}.gv-blog-article:where(p,ul,ol){margin-block:0.85em}.gv-blog-article li{margin-block:0.38em;padding-inline-start:0.18em}.gv-blog-article a{color:#075fc7;font-weight:650;text-decoration-thickness:0.08em;text-underline-offset:0.16em}.gv-blog-article a:hover,.gv-blog-article a:focus-visible{color:#064b9c;text-decoration-thickness:0.13em}.gv-blog-article a:focus-visible,.gv-blog-article summary:focus-visible,.gv-blog-article [tabindex=\"0\"]:focus-visible{outline:3px solid rgba(21,199,220,0.55);outline-offset:4px}.gv-blog-header{position:relative;padding-top:clamp(1rem,3vw,2.25rem)}.gv-blog-kicker{margin-bottom:0.75rem;color:#087f95;font-size:0.78rem;font-weight:850;letter-spacing:0.1em;text-transform:uppercase}.gv-blog-intro,.gv-blog-lead{max-width:760px;color:#3d4f64;font-size:clamp(1.12rem,1.02rem + 0.45vw,1.34rem);line-height:1.58}.gv-blog-section{scroll-margin-top:7rem}.gv-blog-figure{margin:clamp(1.8rem,4vw,3.1rem) 0}.gv-blog-figure img{display:block;width:100%;height:auto;border-radius:20px;box-shadow:var(--gv-shadow)}.gv-blog-hero img{aspect-ratio:16 \/ 9;object-fit:cover}.gv-blog-infographic img{border:1px solid var(--gv-line);background:var(--gv-white);box-shadow:0 10px 34px rgba(7,25,45,0.08)}.gv-blog-figure figcaption{margin-top:0.72rem;color:var(--gv-muted);font-size:0.88rem;line-height:1.5}.gv-blog-answer,.gv-blog-summary,.gv-blog-keypoints,.gv-blog-takeaway,.gv-blog-takeaways,.gv-blog-note{margin:clamp(1.6rem,4vw,2.6rem) 0;padding:clamp(1.2rem,3vw,1.7rem);border:1px solid #c9e4ed;border-radius:18px;background:linear-gradient(135deg,#eaf8fb 0%,#f7fafc 100%)}.gv-blog-answer{border-left:5px solid var(--gv-cyan)}.gv-blog-note{border-color:#fed8d1;background:#fff7f5}.gv-blog-article:where(.gv-blog-answer,.gv-blog-summary,.gv-blog-keypoints,.gv-blog-takeaway,.gv-blog-takeaways,.gv-blog-note) h2{margin:0 0 0.6rem;font-size:clamp(1.22rem,2vw,1.45rem)}.gv-blog-toc{margin:clamp(1.8rem,4vw,2.8rem) 0;padding:clamp(1.25rem,3vw,1.8rem);border:1px solid var(--gv-line);border-radius:18px;background:var(--gv-white);box-shadow:0 10px 32px rgba(7,25,45,0.06)}.gv-blog-toc h2{margin:0 0 0.7rem;font-size:1.4rem}.gv-blog-toc ol{columns:2;column-gap:2.4rem;padding-left:1.35rem}.gv-blog-toc li{break-inside:avoid}.gv-blog-table-wrap,.gv-blog-table-responsive{width:100%;margin:1.6rem 0;overflow-x:auto;border:1px solid var(--gv-line);border-radius:16px;background:var(--gv-white);-webkit-overflow-scrolling:touch}.gv-blog-table{width:100%;min-width:720px;border-collapse:collapse;background:var(--gv-white);font-size:0.92rem;line-height:1.5}.gv-blog-table caption{padding:1rem 1.1rem;background:var(--gv-navy);color:var(--gv-white);font-weight:780;text-align:left}.gv-blog-table:where(th,td){padding:0.85rem 1rem;border-bottom:1px solid var(--gv-line);vertical-align:top;text-align:left}.gv-blog-table thead th{background:#eaf3fb;color:var(--gv-navy)}.gv-blog-table tbody th{color:var(--gv-navy);font-weight:760}.gv-blog-table tbody tr:nth-child(even){background:#f8fafc}.gv-blog-table tbody tr:last-child:where(th,td){border-bottom:0}.gv-blog-table-mobile,.gv-blog-mobile-alternative{display:none;margin:1.3rem 0;padding:1.15rem;border:1px solid var(--gv-line);border-radius:16px;background:var(--gv-soft)}.gv-blog-article:where(.gv-blog-table-mobile,.gv-blog-mobile-alternative) h3{margin-top:0}.gv-blog-faq details{margin:0.78rem 0;padding:1rem 1.15rem;border:1px solid var(--gv-line);border-radius:14px;background:var(--gv-white);box-shadow:0 5px 18px rgba(7,25,45,0.04)}.gv-blog-faq details[open]{border-color:#acdce6}.gv-blog-faq summary{color:var(--gv-navy);font-weight:780;cursor:pointer}.gv-blog-faq details>:last-child{margin-bottom:0}.gv-blog-conclusion{margin-top:3rem;padding:clamp(1.35rem,3.5vw,2rem);border-radius:20px;background:var(--gv-navy);color:#eaf2fa}.gv-blog-conclusion:where(h2,h3){color:var(--gv-white)}.gv-blog-conclusion h2{margin-top:0}.gv-blog-conclusion a{color:#64dcea}.gv-blog-sources{margin-top:3rem;padding-top:1.5rem;border-top:2px solid var(--gv-line);color:var(--gv-muted);font-size:0.88rem}.gv-blog-footer{clear:both}.gv-blog-sources h2{margin-top:0;font-size:1.4rem}.gv-blog-disclaimer{color:var(--gv-muted);font-size:0.84rem}.gv-blog-article code{padding:0.08em 0.32em;border-radius:0.28em;background:#edf2f7}@media (max-width:760px){.gv-blog-article{font-size:1rem}.gv-blog-article h1{font-size:clamp(2.15rem,11vw,3rem)}.gv-blog-toc ol{columns:1}.gv-blog-table-wrap + .gv-blog-table-mobile,.gv-blog-table-responsive + .gv-blog-table-mobile,.gv-blog-table-wrap + .gv-blog-mobile-alternative,.gv-blog-table-responsive + .gv-blog-mobile-alternative{display:block}.gv-blog-table-wrap,.gv-blog-table-responsive{display:none}}@media (prefers-reduced-motion:reduce){.gv-blog-article *,.gv-blog-article *::before,.gv-blog-article *::after{scroll-behavior:auto !important}}@media print{.gv-blog-article{max-width:none;color:#000;font-size:11pt}.gv-blog-figure img,.gv-blog-toc,.gv-blog-faq details{box-shadow:none}.gv-blog-table-wrap,.gv-blog-table-responsive{display:block;overflow:visible}.gv-blog-table{min-width:0}}<\/style>\n<article class='gv-blog-article' lang='fr-BE'>\n<header class='gv-blog-header'>\n<p class='gv-blog-kicker'>Microsoft 365 \u00b7 Collaboration \u00b7 Belgique<\/p>\n<p class='gv-blog-intro'>Une adresse comme agenda@entreprise.be peut cacher plusieurs architectures. La bo\u00eete partag\u00e9e sert un planning Outlook\u00a0; le groupe Microsoft 365 organise une \u00e9quipe\u00a0; le canal affiche les \u00e9v\u00e9nements dans Teams\u00a0; la ressource r\u00e9serve une salle ou du mat\u00e9riel. Le bon choix d\u00e9pend de l\u2019objet planifi\u00e9, des droits et des usages mobiles.<\/p>\n<\/header>\n<figure class='gv-blog-figure gv-blog-hero'><picture><img src='https:\/\/gvision.be\/wp-content\/uploads\/2026\/08\/agenda-partage-microsoft-365-belgique-hero.webp' width='1600' height='900' alt='\u00c9quipe belge organisant un agenda partag\u00e9 Microsoft 365' decoding='async'><\/picture><figcaption>Le bon calendrier d\u00e9pend de ce que l\u2019\u00e9quipe planifie et de la mani\u00e8re dont l\u2019acc\u00e8s est gouvern\u00e9. Illustration GVISION.<\/figcaption><\/figure>\n<aside class='gv-blog-answer' aria-label='R\u00e9ponse essentielle'>\n<h2>R\u00e9ponse essentielle<\/h2>\n<p>Pour un agenda d\u2019\u00e9quipe dans Outlook, choisissez g\u00e9n\u00e9ralement une bo\u00eete partag\u00e9e. Pour un projet ou d\u00e9partement d\u00e9j\u00e0 structur\u00e9, utilisez le calendrier du groupe Microsoft 365. Pour les r\u00e9unions d\u2019un canal, utilisez Teams. Pour r\u00e9server une salle, un v\u00e9hicule ou du mat\u00e9riel, cr\u00e9ez une bo\u00eete de ressource. Le calendrier personnel reste r\u00e9serv\u00e9 \u00e0 la d\u00e9l\u00e9gation individuelle.<\/p>\n<\/aside>\n<aside class='gv-blog-summary'>\n<h2>En bref<\/h2>\n<ul>\n<li>Une bo\u00eete partag\u00e9e fournit une adresse, une bo\u00eete de r\u00e9ception et un calendrier commun sans compte utilis\u00e9 pour se connecter.<\/li>\n<li>Un groupe Microsoft 365 associe membres, calendrier, bo\u00eete de groupe et espace documentaire\u00a0; il convient \u00e0 une \u00e9quipe durable.<\/li>\n<li>Le calendrier de canal Teams rend les \u00e9v\u00e9nements visibles dans le canal, mais les membres ne sont pas invit\u00e9s automatiquement.<\/li>\n<li>Une salle ou un \u00e9quipement doit \u00eatre mod\u00e9lis\u00e9 comme ressource afin de b\u00e9n\u00e9ficier du traitement des r\u00e9servations.<\/li>\n<li>Le choix doit \u00eatre document\u00e9 avec propri\u00e9taires, membres, droits, r\u00e8gles de nommage, revue d\u2019acc\u00e8s et proc\u00e9dure de d\u00e9part.<\/li>\n<\/ul>\n<\/aside>\n<nav class='gv-blog-toc' aria-label='Sommaire'>\n<h2>Sommaire<\/h2>\n<ol>\n<li><a href='#probleme'>Pourquoi il existe plusieurs calendriers<\/a><\/li>\n<li><a href='#choix'>Le choix rapide selon le besoin<\/a><\/li>\n<li><a href='#boite-partagee'>Bo\u00eete partag\u00e9e : le planning central<\/a><\/li>\n<li><a href='#groupe'>Groupe Microsoft 365 : le calendrier d\u2019\u00e9quipe<\/a><\/li>\n<li><a href='#teams'>Calendrier Teams : les \u00e9v\u00e9nements du canal<\/a><\/li>\n<li><a href='#ressource'>Salle et \u00e9quipement : la r\u00e9servation<\/a><\/li>\n<li><a href='#personnel'>Agenda personnel : la d\u00e9l\u00e9gation<\/a><\/li>\n<li><a href='#comparatif'>Tableau comparatif complet<\/a><\/li>\n<li><a href='#gouvernance'>Droits et gouvernance<\/a><\/li>\n<li><a href='#deploiement'>Plan de d\u00e9ploiement<\/a><\/li>\n<li><a href='#mobile'>Outlook, Teams et mobile<\/a><\/li>\n<li><a href='#externes'>Partage externe et confidentialit\u00e9<\/a><\/li>\n<li><a href='#erreurs'>Erreurs fr\u00e9quentes<\/a><\/li>\n<li><a href='#faq'>Questions fr\u00e9quentes<\/a><\/li>\n<\/ol>\n<\/nav>\n<section class='gv-blog-section' id='probleme'>\n<h2>Pourquoi Microsoft 365 propose-t-il plusieurs agendas partag\u00e9s\u00a0?<\/h2>\n<p><strong>Microsoft 365 ne propose pas un agenda collectif universel, car planifier le travail d\u2019une \u00e9quipe, d\u00e9l\u00e9guer l\u2019agenda d\u2019une personne et r\u00e9server une salle sont trois besoins diff\u00e9rents.<\/strong><\/p>\n<p>Dans Exchange Online, chaque bo\u00eete aux lettres poss\u00e8de un calendrier. Une bo\u00eete partag\u00e9e cr\u00e9e donc naturellement un agenda commun. Un groupe Microsoft 365 poss\u00e8de lui aussi une bo\u00eete et un calendrier, mais sa finalit\u00e9 est plus large\u00a0: l\u2019appartenance au groupe donne acc\u00e8s \u00e0 plusieurs ressources de collaboration. Teams s\u2019appuie sur ces groupes et ajoute les r\u00e9unions de canal. Les bo\u00eetes de salle et d\u2019\u00e9quipement, enfin, disposent d\u2019un moteur de r\u00e9servation capable d\u2019accepter ou de refuser automatiquement une demande.<\/p>\n<p>Cette diversit\u00e9 explique pourquoi le mot agenda peut conduire \u00e0 une mauvaise configuration. Cr\u00e9er un utilisateur agenda@ uniquement pour obtenir un calendrier ajoute souvent une licence et un mot de passe inutiles. \u00c0 l\u2019inverse, transformer chaque planning en bo\u00eete partag\u00e9e peut multiplier les droits manuels et d\u00e9tacher le calendrier de l\u2019\u00e9quipe qui l\u2019utilise r\u00e9ellement.<\/p>\n<\/section>\n<section class='gv-blog-section' id='choix'>\n<h2>Quel agenda Microsoft 365 choisir en trente secondes\u00a0?<\/h2>\n<p><strong>Choisissez la bo\u00eete partag\u00e9e pour un planning central, le groupe pour une \u00e9quipe, Teams pour un canal, la ressource pour un bien r\u00e9servable et le partage personnel pour une d\u00e9l\u00e9gation nominative.<\/strong><\/p>\n<p>Une r\u00e9ception, un secr\u00e9tariat, une permanence, un agenda \u00e9ditorial ou un planning commun g\u00e9r\u00e9 par quelques personnes correspond souvent \u00e0 une bo\u00eete partag\u00e9e. Le calendrier reste visible dans Outlook et peut porter une adresse fonctionnelle. Si les m\u00eames membres collaborent aussi sur des conversations, fichiers, t\u00e2ches et r\u00e9unions, un groupe Microsoft 365 \u00e9vite de g\u00e9rer plusieurs listes d\u2019acc\u00e8s parall\u00e8les.<\/p>\n<p>Pour une \u00e9quipe qui travaille d\u00e9j\u00e0 dans Microsoft 365, la page <a href='https:\/\/gvision.be\/modern-workplace\/microsoft-365\/'>Microsoft 365 de GVISION<\/a> d\u00e9crit l\u2019environnement global dans lequel Outlook, Teams, SharePoint et OneDrive doivent \u00eatre structur\u00e9s. Le pr\u00e9sent guide se concentre sur la d\u00e9cision calendrier\u00a0: il compl\u00e8te cette page sans remplacer le cadrage du tenant et des usages.<\/p>\n<\/section>\n<section class='gv-blog-section' id='boite-partagee'>\n<h2>Quand utiliser le calendrier d\u2019une bo\u00eete aux lettres partag\u00e9e\u00a0?<\/h2>\n<p><strong>La bo\u00eete partag\u00e9e est le choix le plus simple lorsqu\u2019un service veut une adresse fonctionnelle et un calendrier Outlook commun sans cr\u00e9er un compte de connexion suppl\u00e9mentaire.<\/strong><\/p>\n<p>Microsoft indique qu\u2019une bo\u00eete partag\u00e9e cr\u00e9e automatiquement un calendrier partag\u00e9. Les membres autoris\u00e9s peuvent cr\u00e9er, consulter et g\u00e9rer les rendez-vous depuis Outlook. La bo\u00eete peut aussi recevoir des messages \u00e0 une adresse telle que agenda@, accueil@ ou interventions@. Cette association est utile lorsque courriels et planning d\u00e9crivent le m\u00eame processus, par exemple les demandes re\u00e7ues par un secr\u00e9tariat puis plac\u00e9es dans un agenda commun.<\/p>\n<p>Une bo\u00eete partag\u00e9e n\u2019est pas un compte que plusieurs personnes doivent ouvrir avec le m\u00eame mot de passe. Les utilisateurs se connectent avec leur propre identit\u00e9, puis re\u00e7oivent des autorisations. Cette distinction am\u00e9liore la tra\u00e7abilit\u00e9 et permet de retirer l\u2019acc\u00e8s d\u2019une personne sans changer un secret connu de toute l\u2019\u00e9quipe. Le calendrier peut appara\u00eetre automatiquement dans Outlook selon la m\u00e9thode d\u2019attribution des droits et le client utilis\u00e9.<\/p>\n<p>Selon la <a href=\"https:\/\/learn.microsoft.com\/en-us\/microsoft-365\/admin\/email\/about-shared-mailboxes?view=o365-worldwide\" target=\"_blank\" rel=\"noopener\">documentation Microsoft mise \u00e0 jour le 13 mars 2026<\/a>, une bo\u00eete partag\u00e9e peut stocker jusqu\u2019\u00e0 50\u00a0Go sans licence propre. Les utilisateurs qui y acc\u00e8dent doivent disposer d\u2019une licence Exchange Online. Une licence suppl\u00e9mentaire devient n\u00e9cessaire dans certains sc\u00e9narios, notamment au-del\u00e0 de 50\u00a0Go ou pour des fonctions avanc\u00e9es telles que l\u2019archivage ou certaines obligations de conservation.<\/p>\n<\/section>\n<section class='gv-blog-section' id='groupe'>\n<h2>Quand choisir le calendrier d\u2019un groupe Microsoft 365\u00a0?<\/h2>\n<p><strong>Le calendrier de groupe convient \u00e0 un d\u00e9partement, un projet ou une communaut\u00e9 dont les membres partagent d\u00e9j\u00e0 plusieurs ressources Microsoft 365.<\/strong><\/p>\n<p>Quand <a href=\"https:\/\/support.microsoft.com\/en-us\/outlook\/people\/learn-about-groups-in-outlook\" target=\"_blank\" rel=\"noopener\">un groupe Microsoft 365 est cr\u00e9\u00e9<\/a>, Outlook lui associe une bo\u00eete de r\u00e9ception partag\u00e9e, un calendrier et une biblioth\u00e8que documentaire. Microsoft d\u00e9crit le groupe comme le service d\u2019appartenance qui accorde automatiquement l\u2019acc\u00e8s \u00e0 ces ressources. Ajouter ou retirer un membre met donc \u00e0 jour un ensemble coh\u00e9rent au lieu de g\u00e9rer s\u00e9par\u00e9ment calendrier, bo\u00eete, site SharePoint et plan de t\u00e2ches.<\/p>\n<p>Le calendrier de groupe fonctionne bien pour des jalons de projet, campagnes, r\u00e9unions de d\u00e9partement, \u00e9ch\u00e9ances scolaires ou \u00e9v\u00e9nements d\u2019une association. Il appartient au collectif plut\u00f4t qu\u2019\u00e0 une personne. Les membres le retrouvent dans Outlook sous les groupes et peuvent afficher plusieurs calendriers c\u00f4te \u00e0 c\u00f4te. Une r\u00e9union cr\u00e9\u00e9e dans le calendrier peut inviter le groupe ou rester un \u00e9v\u00e9nement de r\u00e9f\u00e9rence sans envoyer une invitation \u00e0 chaque membre.<\/p>\n<\/section>\n<section class='gv-blog-section' id='teams'>\n<h2>\u00c0 quoi sert le calendrier d\u2019un canal Microsoft Teams\u00a0?<\/h2>\n<p><strong>Le calendrier de canal sert \u00e0 rendre visibles dans Teams les \u00e9v\u00e9nements li\u00e9s \u00e0 un canal\u00a0; il ne remplace pas toujours un agenda collectif Outlook.<\/strong><\/p>\n<p>Une r\u00e9union de canal est publi\u00e9e dans le fil du canal avec son r\u00e9sum\u00e9. Les membres peuvent la d\u00e9couvrir dans le contexte des conversations et documents associ\u00e9s. C\u2019est utile pour un comit\u00e9, une \u00e9quipe projet ou un planning de sessions dont la discussion doit rester au m\u00eame endroit. Le calendrier de canal am\u00e9liore donc la visibilit\u00e9 contextuelle plut\u00f4t que de cr\u00e9er une nouvelle logique de r\u00e9servation.<\/p>\n<p><a href=\"https:\/\/support.microsoft.com\/en-us\/teams\/meetings\/see-all-your-meetings-in-microsoft-teams\" target=\"_blank\" rel=\"noopener\">Microsoft pr\u00e9cise<\/a> que les membres du canal ne re\u00e7oivent pas automatiquement une invitation directe\u00a0: il faut ajouter les personnes lorsqu\u2019une pr\u00e9sence ou une r\u00e9ponse individuelle est attendue. Un membre peut aussi ajouter l\u2019\u00e9v\u00e9nement \u00e0 son calendrier personnel. Cette nuance \u00e9vite de croire qu\u2019un \u00e9v\u00e9nement affich\u00e9 dans Teams bloque automatiquement la disponibilit\u00e9 de tout le monde.<\/p>\n<p>La page <a href=\"https:\/\/gvision.be\/modern-workplace\/microsoft-teams\/\">Microsoft Teams de GVISION<\/a> traite de la structure des \u00e9quipes, des canaux et de la gouvernance. Pour l\u2019agenda, la r\u00e8gle pratique est simple\u00a0: utilisez le canal pour les \u00e9v\u00e9nements du canal, le groupe pour le calendrier collectif associ\u00e9, et une bo\u00eete partag\u00e9e lorsqu\u2019un service doit g\u00e9rer un planning fonctionnel principalement dans Outlook.<\/p>\n<\/section>\n<section class='gv-blog-section' id='ressource'>\n<h2>Pourquoi une salle ou un \u00e9quipement doit-il avoir une bo\u00eete de ressource\u00a0?<\/h2>\n<p><strong>Une bo\u00eete de ressource repr\u00e9sente un bien r\u00e9servable et peut traiter automatiquement les demandes selon sa disponibilit\u00e9 et ses r\u00e8gles.<\/strong><\/p>\n<p><a href=\"https:\/\/learn.microsoft.com\/en-us\/microsoft-365\/admin\/manage\/room-and-equipment-mailboxes?view=o365-worldwide\" target=\"_blank\" rel=\"noopener\">Microsoft recommande les bo\u00eetes de salle et d\u2019\u00e9quipement<\/a> pour r\u00e9server une salle de conf\u00e9rence, un projecteur, un v\u00e9hicule, un mat\u00e9riel m\u00e9dical partag\u00e9 ou tout autre bien utilis\u00e9 pendant un cr\u00e9neau. Les utilisateurs ajoutent la ressource \u00e0 une r\u00e9union depuis Outlook et consultent sa disponibilit\u00e9. Exchange peut accepter, refuser ou transmettre la demande \u00e0 un d\u00e9l\u00e9gu\u00e9.<\/p>\n<p>Les param\u00e8tres utiles comprennent la r\u00e9servation automatique, l\u2019horizon de planification, la dur\u00e9e maximale, les conflits, les r\u00e9unions r\u00e9currentes et les d\u00e9l\u00e9gu\u00e9s. Une salle peut \u00eatre ajout\u00e9e \u00e0 une liste de salles pour faciliter sa d\u00e9couverte. Ces fonctions r\u00e9pondent \u00e0 une question diff\u00e9rente de celle d\u2019un agenda d\u2019\u00e9quipe\u00a0: ici, le calendrier garantit qu\u2019une ressource ne soit pas promise deux fois.<\/p>\n<\/section>\n<section class='gv-blog-section' id='personnel'>\n<h2>Quand partager simplement l\u2019agenda personnel d\u2019un utilisateur\u00a0?<\/h2>\n<p><strong>Le partage personnel est adapt\u00e9 lorsqu\u2019une personne d\u00e9l\u00e8gue la lecture ou la gestion de son propre agenda, pas lorsqu\u2019un service veut cr\u00e9er un patrimoine collectif.<\/strong><\/p>\n<p>Un dirigeant peut donner \u00e0 une assistante la possibilit\u00e9 de consulter ses d\u00e9tails, de cr\u00e9er des r\u00e9unions ou de r\u00e9pondre en son nom selon le niveau de d\u00e9l\u00e9gation. Un coll\u00e8gue peut partager uniquement sa disponibilit\u00e9. L\u2019avantage est la coh\u00e9rence\u00a0: les rendez-vous restent dans le calendrier de leur propri\u00e9taire et alimentent correctement son libre\/occup\u00e9.<\/p>\n<\/section>\n<section class='gv-blog-section' id='comparatif'>\n<h2>Bo\u00eete partag\u00e9e, groupe 365, Teams, ressource ou agenda personnel\u00a0?<\/h2>\n<p><strong>Le meilleur choix d\u00e9pend de l\u2019objet planifi\u00e9 et de la gouvernance\u00a0; aucun type de calendrier ne gagne dans tous les sc\u00e9narios.<\/strong><\/p>\n<div class='gv-blog-table-responsive' tabindex='0' role='region' aria-label='Comparaison des cinq principales approches de calendrier dans Microsoft 365'>\n<table class='gv-blog-table'>\n<caption>Comparaison des cinq principales approches de calendrier dans Microsoft 365<\/caption>\n<thead>\n<tr>\n<th scope='col'>Crit\u00e8re<\/th>\n<th scope='col'>Bo\u00eete partag\u00e9e<\/th>\n<th scope='col'>Groupe Microsoft 365<\/th>\n<th scope='col'>Canal Teams<\/th>\n<th scope='col'>Salle\/\u00e9quipement<\/th>\n<th scope='col'>Agenda personnel<\/th>\n<\/tr>\n<\/thead>\n<tbody>\n<tr>\n<th scope='row'>But<\/th>\n<td>Planning fonctionnel et adresse commune<\/td>\n<td>Collaboration d\u2019une \u00e9quipe durable<\/td>\n<td>\u00c9v\u00e9nements li\u00e9s \u00e0 un canal<\/td>\n<td>R\u00e9server un bien<\/td>\n<td>D\u00e9l\u00e9guer l\u2019agenda d\u2019une personne<\/td>\n<\/tr>\n<tr>\n<th scope='row'>Gestion des membres<\/th>\n<td>Permissions Exchange d\u00e9di\u00e9es<\/td>\n<td>Adh\u00e9sion au groupe<\/td>\n<td>Membres du Team\/canal<\/td>\n<td>Utilisateurs autoris\u00e9s et d\u00e9l\u00e9gu\u00e9s<\/td>\n<td>Partage par le propri\u00e9taire ou l\u2019administrateur<\/td>\n<\/tr>\n<tr>\n<th scope='row'>Outlook<\/th>\n<td>Tr\u00e8s adapt\u00e9<\/td>\n<td>Adapt\u00e9 sous Groupes<\/td>\n<td>R\u00e9unions visibles selon invitation<\/td>\n<td>Adapt\u00e9 via assistant de planification<\/td>\n<td>Natif<\/td>\n<\/tr>\n<tr>\n<th scope='row'>Teams<\/th>\n<td>Acc\u00e8s moins direct<\/td>\n<td>Li\u00e9 au Team lorsqu\u2019il existe<\/td>\n<td>Tr\u00e8s adapt\u00e9<\/td>\n<td>R\u00e9servable dans les r\u00e9unions<\/td>\n<td>Calendrier de l\u2019utilisateur<\/td>\n<\/tr>\n<tr>\n<th scope='row'>Droits<\/th>\n<td>Fins mais \u00e0 administrer<\/td>\n<td>Collectifs\u00a0; lecture seule globale possible<\/td>\n<td>Suivent le canal et la r\u00e9union<\/td>\n<td>R\u00e8gles de r\u00e9servation<\/td>\n<td>D\u00e9l\u00e9gation d\u00e9taill\u00e9e<\/td>\n<\/tr>\n<tr>\n<th scope='row'>Licence<\/th>\n<td>Souvent aucune licence propre jusqu\u2019\u00e0 50\u00a0Go\u00a0; utilisateurs licenci\u00e9s<\/td>\n<td>D\u00e9pend des licences des membres<\/td>\n<td>D\u00e9pend de Teams\/Microsoft 365<\/td>\n<td>Souvent aucune licence propre jusqu\u2019\u00e0 50\u00a0Go<\/td>\n<td>Licence utilisateur<\/td>\n<\/tr>\n<tr>\n<th scope='row'>Limite principale<\/th>\n<td>Deuxi\u00e8me liste d\u2019acc\u00e8s \u00e0 maintenir<\/td>\n<td>Moins de r\u00f4les fins par membre<\/td>\n<td>N\u2019invite pas automatiquement tous les membres<\/td>\n<td>R\u00e9serv\u00e9 aux biens et lieux<\/td>\n<td>D\u00e9pend d\u2019une personne<\/td>\n<\/tr>\n<tr>\n<th scope='row'>Meilleur choix selon le besoin<\/th>\n<td>R\u00e9ception, permanence, agenda \u00e9ditorial<\/td>\n<td>Projet, d\u00e9partement, association<\/td>\n<td>R\u00e9unions et sessions du canal<\/td>\n<td>Salle, v\u00e9hicule, mat\u00e9riel<\/td>\n<td>Assistant de direction, d\u00e9l\u00e9gation<\/td>\n<\/tr>\n<\/tbody>\n<\/table>\n<\/div>\n<aside class='gv-blog-mobile-alternative' aria-label='Comparaison des cinq principales approches de calendrier dans Microsoft 365'>\n<h3>Bo\u00eete partag\u00e9e, groupe 365, Teams, ressource ou agenda personnel\u00a0?<\/h3>\n<ul>\n<li><strong>Planning central\u00a0:<\/strong> bo\u00eete partag\u00e9e.<\/li>\n<li><strong>\u00c9quipe avec fichiers et t\u00e2ches\u00a0:<\/strong> groupe Microsoft 365.<\/li>\n<li><strong>\u00c9v\u00e9nements d\u2019un canal\u00a0:<\/strong> calendrier Teams.<\/li>\n<li><strong>Salle ou \u00e9quipement\u00a0:<\/strong> bo\u00eete de ressource.<\/li>\n<li><strong>Agenda d\u2019une personne\u00a0:<\/strong> partage ou d\u00e9l\u00e9gation personnelle.<\/li>\n<\/ul>\n<\/aside>\n<\/section>\n<figure class='gv-blog-figure gv-blog-infographic'><picture><img src='https:\/\/gvision.be\/wp-content\/uploads\/2026\/08\/decision-agenda-microsoft-365-fr.svg' width='1400' height='900' alt='Arbre de d\u00e9cision en fran\u00e7ais pour choisir un agenda partag\u00e9 Microsoft 365' loading='lazy' decoding='async'><\/picture><figcaption>Partez de l\u2019objet planifi\u00e9\u00a0: personne, \u00e9quipe, canal, service ou ressource. Illustration GVISION.<\/figcaption><\/figure>\n<section class='gv-blog-section' id='gouvernance'>\n<h2>Quels droits et r\u00e8gles de gouvernance d\u00e9finir\u00a0?<\/h2>\n<p><strong>Un agenda partag\u00e9 fiable poss\u00e8de des propri\u00e9taires identifi\u00e9s, des r\u00f4les minimaux, une adh\u00e9sion maintenue et une revue p\u00e9riodique des acc\u00e8s.<\/strong><\/p>\n<p>Distinguez les personnes qui peuvent lire, cr\u00e9er, modifier et supprimer. Pour une bo\u00eete partag\u00e9e, les permissions de bo\u00eete compl\u00e8te, d\u2019envoi et de dossier calendrier ne r\u00e9pondent pas exactement au m\u00eame besoin. N\u2019accordez pas Full Access \u00e0 toute une organisation si la majorit\u00e9 doit seulement consulter le planning. Utilisez des droits de calendrier adapt\u00e9s et testez le comportement dans les clients r\u00e9ellement employ\u00e9s.<\/p>\n<p>Documentez le nom, l\u2019adresse, le but, le propri\u00e9taire m\u00e9tier, le propri\u00e9taire technique, les membres, les invit\u00e9s, la dur\u00e9e de conservation et la proc\u00e9dure de fermeture. Ajoutez une revue trimestrielle ou semestrielle selon le risque. Les d\u00e9parts et changements de fonction doivent alimenter cette revue\u00a0; une liste de membres correcte le jour du projet peut devenir trop large apr\u00e8s quelques mois.<\/p>\n<p>Le <a href=\"https:\/\/support.microsoft.com\/en-us\/outlook\/how-to-enable-and-disable-the-outlook-calendar-sharing-updates\" target=\"_blank\" rel=\"noopener\">29 mai 2026, Microsoft a annonc\u00e9<\/a> une mise \u00e0 niveau automatique des calendriers partag\u00e9s Microsoft 365 vers sa plateforme de partage am\u00e9lior\u00e9e \u00e0 partir de la fin mai. Aucune action d\u2019administration g\u00e9n\u00e9rale n\u2019est demand\u00e9e, mais Microsoft maintient une liste de probl\u00e8mes connus pour Outlook classique. Les proc\u00e9dures de support doivent donc distinguer configuration des droits, cache client et m\u00e9canisme de synchronisation.<\/p>\n<\/section>\n<figure class='gv-blog-figure'><picture><img src='https:\/\/gvision.be\/wp-content\/uploads\/2026\/08\/gouvernance-calendriers-partages.webp' width='1200' height='800' alt='Administrateur IT et coordinatrice configurant les droits de calendriers partag\u00e9s dans Microsoft 365' loading='lazy' decoding='async'><\/picture><figcaption>Les droits, la r\u00e9servation et l\u2019exp\u00e9rience mobile doivent \u00eatre test\u00e9s avec les utilisateurs r\u00e9els. Illustration GVISION.<\/figcaption><\/figure>\n<section class='gv-blog-section' id='deploiement'>\n<h2>Comment d\u00e9ployer un agenda partag\u00e9 sans cr\u00e9er de dette\u00a0?<\/h2>\n<p><strong>Le d\u00e9ploiement tient en huit \u00e9tapes\u00a0: pr\u00e9ciser le cas d\u2019usage, choisir le bon objet, nommer les responsables, configurer les droits, tester les clients, migrer, former et revoir.<\/strong><\/p>\n<ol>\n<li>D\u00e9crire en une phrase ce qui est planifi\u00e9 et qui d\u00e9cide de l\u2019inscription d\u2019un \u00e9v\u00e9nement.<\/li>\n<li>Choisir entre personne, bo\u00eete partag\u00e9e, groupe, canal Teams ou ressource physique.<\/li>\n<li>Nommer au moins un propri\u00e9taire m\u00e9tier et un responsable technique\u00a0; deux propri\u00e9taires pour un groupe.<\/li>\n<li>Cr\u00e9er l\u2019objet avec une adresse, un nom et une description compr\u00e9hensibles dans les trois langues utiles.<\/li>\n<li>Attribuer les droits minimaux et documenter la m\u00e9thode d\u2019adh\u00e9sion ou les groupes de s\u00e9curit\u00e9 utilis\u00e9s.<\/li>\n<li>Tester Outlook classique, nouvel Outlook, Outlook Web, Teams et mobile selon le parc r\u00e9el.<\/li>\n<li>Migrer les \u00e9v\u00e9nements futurs, expliquer l\u2019ancien calendrier en lecture seule et annoncer une date de bascule.<\/li>\n<li>Planifier la revue des acc\u00e8s, la gestion des d\u00e9parts, l\u2019archivage et la fermeture.<\/li>\n<\/ol>\n<p>Le pilote doit couvrir les actions normales et les exceptions\u00a0: cr\u00e9ation, modification, suppression, r\u00e9union r\u00e9currente, invitation externe, \u00e9v\u00e9nement priv\u00e9, changement de fuseau et d\u00e9part d\u2019un membre. V\u00e9rifiez qui appara\u00eet comme organisateur et quelles notifications sont envoy\u00e9es. Le comportement vu par le propri\u00e9taire n\u2019est pas toujours celui d\u2019un simple lecteur.<\/p>\n<\/section>\n<section class='gv-blog-section' id='mobile'>\n<h2>Le calendrier fonctionnera-t-il dans Outlook, Teams et sur mobile\u00a0?<\/h2>\n<p><strong>La compatibilit\u00e9 d\u00e9pend du type de calendrier, du client et de la mani\u00e8re dont les autorisations sont attribu\u00e9es\u00a0; elle doit \u00eatre test\u00e9e avant la g\u00e9n\u00e9ralisation.<\/strong><\/p>\n<p>Microsoft documente l\u2019ouverture des calendriers de bo\u00eetes partag\u00e9es dans les versions r\u00e9centes d\u2019Outlook, y compris Outlook mobile. Un utilisateur autoris\u00e9 peut ajouter la bo\u00eete partag\u00e9e dans l\u2019application mobile Outlook. Les calendriers de groupe sont visibles dans Outlook sous les groupes. Teams expose le calendrier personnel et les \u00e9v\u00e9nements de canal, mais ne pr\u00e9sente pas toujours chaque calendrier partag\u00e9 avec la m\u00eame ergonomie qu\u2019Outlook.<\/p>\n<\/section>\n<section class='gv-blog-section' id='externes'>\n<h2>Comment partager un agenda avec des externes sans trop r\u00e9v\u00e9ler\u00a0?<\/h2>\n<p><strong>Partagez le niveau minimal d\u2019information, pr\u00e9f\u00e9rez des invitations nominatives et \u00e9vitez de publier durablement un calendrier op\u00e9rationnel sensible.<\/strong><\/p>\n<p>Les politiques de partage Exchange Online d\u00e9terminent ce qui peut \u00eatre envoy\u00e9 \u00e0 des utilisateurs externes. Selon le sc\u00e9nario, un destinataire peut voir uniquement la disponibilit\u00e9, des titres limit\u00e9s ou davantage de d\u00e9tails. La faisabilit\u00e9 varie aussi entre calendrier personnel, bo\u00eete partag\u00e9e et groupe. Un test avec un compte externe repr\u00e9sentatif est indispensable avant d\u2019annoncer le service.<\/p>\n<\/section>\n<section class='gv-blog-section' id='erreurs'>\n<h2>Quelles erreurs reviennent le plus souvent\u00a0?<\/h2>\n<p><strong>Les erreurs fr\u00e9quentes sont la cr\u00e9ation d\u2019un compte g\u00e9n\u00e9rique licenci\u00e9, le partage d\u2019un mot de passe, l\u2019usage d\u2019un calendrier personnel et l\u2019absence de propri\u00e9taire ou de revue d\u2019acc\u00e8s.<\/strong><\/p>\n<ol>\n<li>Cr\u00e9er agenda@ comme utilisateur avec mot de passe alors qu\u2019une bo\u00eete partag\u00e9e suffit.<\/li>\n<li>Partager les identifiants d\u2019un compte g\u00e9n\u00e9rique et perdre la tra\u00e7abilit\u00e9 des actions.<\/li>\n<li>Utiliser l\u2019agenda d\u2019un employ\u00e9 comme planning officiel de toute l\u2019organisation.<\/li>\n<li>Cr\u00e9er une bo\u00eete partag\u00e9e pour une salle sans r\u00e8gles de traitement des r\u00e9servations.<\/li>\n<li>Cr\u00e9er un groupe Microsoft 365 uniquement pour le calendrier, sans gouverner ses autres ressources.<\/li>\n<li>Supposer qu\u2019un \u00e9v\u00e9nement de canal Teams invite automatiquement tous les membres.<\/li>\n<li>Accorder Full Access \u00e0 tous alors qu\u2019une majorit\u00e9 a seulement besoin de lecture.<\/li>\n<li>Oublier Outlook mobile, les invit\u00e9s, les fuseaux horaires et les r\u00e9unions r\u00e9currentes pendant les tests.<\/li>\n<li>Conserver deux calendriers portant le m\u00eame nom apr\u00e8s la migration.<\/li>\n<li>Ne pr\u00e9voir ni propri\u00e9taire secondaire, ni fermeture, ni revue des acc\u00e8s.<\/li>\n<\/ol>\n<\/section>\n<aside class='gv-blog-takeaway'>\n<h2>\u00c0 retenir<\/h2>\n<p>Un agenda partag\u00e9 est une ressource de collaboration. Choisissez son propri\u00e9taire, reliez l\u2019adh\u00e9sion au collectif et limitez les d\u00e9tails. Une bo\u00eete partag\u00e9e r\u00e9pond au planning fonctionnel, un groupe au travail d\u2019\u00e9quipe, Teams aux \u00e9v\u00e9nements de canal et une ressource aux r\u00e9servations physiques.<\/p>\n<\/aside>\n<section class='gv-blog-section gv-blog-faq' id='faq'>\n<h2>Questions fr\u00e9quentes<\/h2>\n<details>\n<summary>Faut-il une licence pour une adresse agenda@\u00a0?<\/summary>\n<p>Pas n\u00e9cessairement. Une bo\u00eete partag\u00e9e standard peut g\u00e9n\u00e9ralement fonctionner sans licence propre jusqu\u2019\u00e0 50\u00a0Go, tandis que les utilisateurs qui y acc\u00e8dent doivent \u00eatre licenci\u00e9s pour Exchange Online. Des fonctions avanc\u00e9es ou un stockage sup\u00e9rieur peuvent exiger une licence. V\u00e9rifiez toujours le sc\u00e9nario exact.<\/p>\n<\/details>\n<details>\n<summary>Peut-on avoir uniquement un calendrier sans bo\u00eete e-mail\u00a0?<\/summary>\n<p>Dans Exchange Online, le calendrier appartient \u00e0 une bo\u00eete. On peut utiliser la bo\u00eete partag\u00e9e principalement pour son calendrier et ne pas communiquer son adresse comme canal de courrier. Pour une salle ou un \u00e9quipement, utilisez une bo\u00eete de ressource. Un groupe fournit aussi une bo\u00eete et un calendrier.<\/p>\n<\/details>\n<details>\n<summary>Quelle est la diff\u00e9rence entre bo\u00eete partag\u00e9e et groupe Microsoft 365\u00a0?<\/summary>\n<p>La bo\u00eete partag\u00e9e est centr\u00e9e sur une adresse fonctionnelle, ses messages et son calendrier, avec des permissions Exchange. Le groupe organise une appartenance qui ouvre aussi un calendrier, une bo\u00eete de groupe, une biblioth\u00e8que documentaire et \u00e9ventuellement Teams et Planner.<\/p>\n<\/details>\n<details>\n<summary>Un calendrier Teams est-il visible dans Outlook\u00a0?<\/summary>\n<p>Les \u00e9v\u00e9nements Teams s\u2019appuient sur Exchange, mais l\u2019exp\u00e9rience varie selon calendrier personnel, groupe et canal. Une r\u00e9union de canal peut \u00eatre ajout\u00e9e au calendrier personnel\u00a0; les membres ne re\u00e7oivent pas automatiquement une invitation directe. Testez le parcours voulu dans les clients utilis\u00e9s.<\/p>\n<\/details>\n<details>\n<summary>Comment emp\u00eacher tous les membres de modifier le calendrier du groupe\u00a0?<\/summary>\n<p>Microsoft documente une option permettant de rendre le calendrier du groupe en lecture seule pour tous les membres, tandis que les propri\u00e9taires gardent la modification. Ce r\u00e9glage ne permet pas de s\u00e9lectionner seulement quelques membres en lecture seule. Pour des droits plus fins, r\u00e9\u00e9valuez l\u2019architecture.<\/p>\n<\/details>\n<details>\n<summary>Peut-on partager un agenda collectif avec des externes\u00a0?<\/summary>\n<p>Oui dans certains sc\u00e9narios, selon le type de calendrier et les politiques de partage Exchange ou d\u2019acc\u00e8s invit\u00e9. Limitez le niveau de d\u00e9tail, testez avec un compte externe et \u00e9vitez de publier des informations sensibles ou un lien permanent sans gouvernance.<\/p>\n<\/details>\n<details>\n<summary>Comment r\u00e9server une salle sans double r\u00e9servation\u00a0?<\/summary>\n<p>Cr\u00e9ez une bo\u00eete de salle, activez le traitement des demandes et d\u00e9finissez conflits, horizon, dur\u00e9e et d\u00e9l\u00e9gu\u00e9s. Les utilisateurs ajoutent ensuite la salle \u00e0 la r\u00e9union depuis l\u2019assistant de planification. Une simple bo\u00eete partag\u00e9e ne fournit pas automatiquement ces r\u00e8gles.<\/p>\n<\/details>\n<\/section>\n<section class='gv-blog-section gv-blog-conclusion'>\n<h2>Choisir une architecture qui survivra aux changements d\u2019\u00e9quipe<\/h2>\n<p>GVISION peut analyser vos usages Outlook et Teams, cr\u00e9er le bon type de bo\u00eete ou de groupe, configurer les droits, documenter la gouvernance et accompagner les utilisateurs. Si vos calendriers se doublonnent ou si personne ne sait qui les administre, <a href=\"https:\/\/gvision.be\/contacts\/\">faites cadrer votre organisation Microsoft 365 par GVISION<\/a>.<\/p>\n<\/section>\n<footer class='gv-blog-footer'>\n<section class='gv-blog-sources'>\n<h2>Sources officielles Microsoft<\/h2>\n<ol>\n<li><a href=\"https:\/\/learn.microsoft.com\/en-us\/microsoft-365\/admin\/email\/about-shared-mailboxes?view=o365-worldwide\" target=\"_blank\" rel=\"noopener\">Microsoft Learn \u2014 About shared mailboxes in Microsoft 365<\/a> \u2014 13 March 2026.<\/li>\n<li><a href=\"https:\/\/learn.microsoft.com\/en-us\/microsoft-365\/admin\/email\/create-a-shared-mailbox?view=o365-worldwide\" target=\"_blank\" rel=\"noopener\">Microsoft Learn \u2014 Create a shared mailbox<\/a> \u2014 3 February 2026.<\/li>\n<li><a href=\"https:\/\/support.microsoft.com\/en-us\/outlook\/people\/learn-about-groups-in-outlook\" target=\"_blank\" rel=\"noopener\">Microsoft Support \u2014 Learn about Groups in Outlook<\/a> \u2014 checked 29 August 2026.<\/li>\n<li><a href=\"https:\/\/support.microsoft.com\/en-us\/outlook\/people\/use-a-group-calendar-in-outlook-to-schedule-and-edit-events\" target=\"_blank\" rel=\"noopener\">Microsoft Support \u2014 Use a Group calendar in Outlook<\/a> \u2014 checked 29 August 2026.<\/li>\n<li><a href=\"https:\/\/support.microsoft.com\/en-us\/teams\/meetings\/see-all-your-meetings-in-microsoft-teams\" target=\"_blank\" rel=\"noopener\">Microsoft Support \u2014 See all your meetings in Microsoft Teams<\/a> \u2014 checked 29 August 2026.<\/li>\n<li><a href=\"https:\/\/learn.microsoft.com\/en-us\/troubleshoot\/exchange\/groups-and-distribution-lists\/group-calendar-tasks\" target=\"_blank\" rel=\"noopener\">Microsoft Learn \u2014 Manage Microsoft 365 Groups calendar<\/a> \u2014 5 March 2026.<\/li>\n<li><a href=\"https:\/\/learn.microsoft.com\/en-us\/microsoft-365\/admin\/manage\/room-and-equipment-mailboxes?view=o365-worldwide\" target=\"_blank\" rel=\"noopener\">Microsoft Learn \u2014 Create room and equipment mailboxes<\/a> \u2014 8 April 2026.<\/li>\n<li><a href=\"https:\/\/learn.microsoft.com\/en-us\/office365\/servicedescriptions\/exchange-online-service-description\/exchange-online-limits\" target=\"_blank\" rel=\"noopener\">Microsoft Learn \u2014 Exchange Online limits<\/a> \u2014 7 April 2026.<\/li>\n<li><a href=\"https:\/\/support.microsoft.com\/en-us\/outlook\/how-to-enable-and-disable-the-outlook-calendar-sharing-updates\" target=\"_blank\" rel=\"noopener\">Microsoft Support \u2014 Outlook calendar sharing updates<\/a> \u2014 checked 29 August 2026.<\/li>\n<li><a href=\"https:\/\/learn.microsoft.com\/en-us\/microsoft-365-apps\/outlook\/calendaring\/share-calendar-and-contacts\" target=\"_blank\" rel=\"noopener\">Microsoft Learn \u2014 Share calendar and contacts in Microsoft 365<\/a> \u2014 29 May 2026.<\/li>\n<\/ol>\n<p class='gv-blog-disclaimer'>Les interfaces, licences et fonctions Microsoft 365 \u00e9voluent. V\u00e9rifiez la documentation et le comportement dans votre tenant avant une g\u00e9n\u00e9ralisation.<\/p>\n<\/section>\n<\/footer>\n<\/article>\n","protected":false},"excerpt":{"rendered":"<p>Pour un agenda d\u2019\u00e9quipe dans Outlook, choisissez g\u00e9n\u00e9ralement une bo\u00eete partag\u00e9e. Pour un projet ou d\u00e9partement d\u00e9j\u00e0 structur\u00e9, utilisez le calendrier du groupe Microsoft 365. Pour les r\u00e9unions d\u2019un canal, utilisez Teams. Pour r\u00e9server une salle, un v\u00e9hicule ou du mat\u00e9riel, cr\u00e9ez une bo\u00eete de ressource. Le calendrier personnel reste r\u00e9serv\u00e9 \u00e0 la d\u00e9l\u00e9gation individuelle.<\/p>","protected":false},"author":4,"featured_media":12325,"comment_status":"closed","ping_status":"open","sticky":false,"template":"","format":"standard","meta":{"_price":"","_stock":"","_tribe_ticket_header":"","_tribe_default_ticket_provider":"","_tribe_ticket_capacity":"0","_ticket_start_date":"","_ticket_end_date":"","_tribe_ticket_show_description":"","_tribe_ticket_show_not_going":false,"_tribe_ticket_use_global_stock":"","_tribe_ticket_global_stock_level":"","_global_stock_mode":"","_global_stock_cap":"","_tribe_rsvp_for_event":"","_tribe_ticket_going_count":"","_tribe_ticket_not_going_count":"","_tribe_tickets_list":"[]","_tribe_ticket_has_attendee_info_fields":false,"footnotes":""},"categories":[96,20],"tags":[],"class_list":["post-12304","post","type-post","status-publish","format-standard","has-post-thumbnail","hentry","category-fr","category-microsoft"],"_links":{"self":[{"href":"https:\/\/gvision.be\/en\/wp-json\/wp\/v2\/posts\/12304","targetHints":{"allow":["GET"]}}],"collection":[{"href":"https:\/\/gvision.be\/en\/wp-json\/wp\/v2\/posts"}],"about":[{"href":"https:\/\/gvision.be\/en\/wp-json\/wp\/v2\/types\/post"}],"author":[{"embeddable":true,"href":"https:\/\/gvision.be\/en\/wp-json\/wp\/v2\/users\/4"}],"replies":[{"embeddable":true,"href":"https:\/\/gvision.be\/en\/wp-json\/wp\/v2\/comments?post=12304"}],"version-history":[{"count":1,"href":"https:\/\/gvision.be\/en\/wp-json\/wp\/v2\/posts\/12304\/revisions"}],"predecessor-version":[{"id":12326,"href":"https:\/\/gvision.be\/en\/wp-json\/wp\/v2\/posts\/12304\/revisions\/12326"}],"wp:featuredmedia":[{"embeddable":true,"href":"https:\/\/gvision.be\/en\/wp-json\/wp\/v2\/media\/12325"}],"wp:attachment":[{"href":"https:\/\/gvision.be\/en\/wp-json\/wp\/v2\/media?parent=12304"}],"wp:term":[{"taxonomy":"category","embeddable":true,"href":"https:\/\/gvision.be\/en\/wp-json\/wp\/v2\/categories?post=12304"},{"taxonomy":"post_tag","embeddable":true,"href":"https:\/\/gvision.be\/en\/wp-json\/wp\/v2\/tags?post=12304"}],"curies":[{"name":"wp","href":"https:\/\/api.w.org\/{rel}","templated":true}]}}